{"id":7424,"date":"2024-08-26T06:40:17","date_gmt":"2024-08-26T06:40:17","guid":{"rendered":"https:\/\/trinkwasser-terlan.com\/anwendung-des-sozialen-wasserbonus-in-den-autonomen-provinzen-bozen-und-trient\/"},"modified":"2024-08-26T06:41:03","modified_gmt":"2024-08-26T06:41:03","slug":"applicazione-del-bonus-idrico-sociale-nelle-province-autonome-di-bolzano-e-trento","status":"publish","type":"post","link":"https:\/\/trinkwasser-terlan.com\/it\/applicazione-del-bonus-idrico-sociale-nelle-province-autonome-di-bolzano-e-trento\/","title":{"rendered":"Applicazione del bonus idrico sociale nelle Province Autonome di Bolzano e Trento"},"content":{"rendered":"<p class=\"p1\">Molti cittadini ricevono attualmente una lettera da ARERA\/Acquirente Unico riguardante il &#8220;Bonus Idrico Sociale&#8221;, in cui si afferma che i destinatari \u2013 anche qui in Alto Adige \u2013 hanno diritto a tale bonus.<\/p>\n<p class=\"p1\">Come \u00e8 noto, la questione \u00e8 un argomento pendente gi\u00e0 da alcuni anni; siccome nel frattempo \u00e8 stato sottoscritto, da parte della Provincia Autonoma di Bolzano e dell&#8217;Autorit\u00e0 di vigilanza ARERA, il Protocollo d&#8217;intesa previsto dall&#8217;art. 13 comma 7 dello Statuto di Autonomia, la questione deve ora essere chiarita a livello istituzionale tra le due parti firmatarie in termini definitivi.<\/p>\n<p class=\"p1\">\n<p class=\"p1\">Come \u00e8 noto, nel territorio della Provincia Autonoma di Bolzano vige un proprio regolamento tariffario (DPP n. 29\/2017), che non prevede l&#8217;applicazione del &#8220;Bonus Idrico Sociale&#8221; statale, e questo regolamento tariffario \u00e8 \u2013 anche in linea con l&#8217;art. 1.2 della delibera ARERA recentemente pubblicata n. 176-2024-R-IDR (cfr. <i>&#8220;(&#8230;) tenuto conto dell&#8217;esclusione delle Province autonome di Trento e Bolzano (&#8230;) dall&#8217;applicazione integrale del metodo tariffario idrico, (&#8230;)&#8221;<\/i>) \u2013 espressione della competenza normativa esclusiva della Provincia Autonoma di Bolzano.<\/p>\n<p class=\"p1\">\n<p class=\"p1\">In qualit\u00e0 di gestori del servizio idrico, ci aspettiamo chiarimenti sulla procedura non appena la questione sar\u00e0 risolta tra la Provincia Autonoma di Bolzano e l&#8217;Autorit\u00e0 di vigilanza ARERA.<\/p>\n","protected":false},"excerpt":{"rendered":"<p>Molti cittadini ricevono attualmente una lettera da ARERA\/Acquirente Unico riguardante il &#8220;Bonus Idrico Sociale&#8221;, in cui si afferma che i destinatari \u2013 anche qui in Alto Adige \u2013 hanno diritto a tale&#8230;<\/p>\n","protected":false},"author":1,"featured_media":7421,"comment_status":"closed","ping_status":"closed","sticky":false,"template":"","format":"standard","meta":{"footnotes":""},"categories":[26],"tags":[],"class_list":{"0":"post-7424","1":"post","2":"type-post","3":"status-publish","4":"format-standard","5":"has-post-thumbnail","7":"category-news-it"},"_links":{"self":[{"href":"https:\/\/trinkwasser-terlan.com\/it\/wp-json\/wp\/v2\/posts\/7424","targetHints":{"allow":["GET"]}}],"collection":[{"href":"https:\/\/trinkwasser-terlan.com\/it\/wp-json\/wp\/v2\/posts"}],"about":[{"href":"https:\/\/trinkwasser-terlan.com\/it\/wp-json\/wp\/v2\/types\/post"}],"author":[{"embeddable":true,"href":"https:\/\/trinkwasser-terlan.com\/it\/wp-json\/wp\/v2\/users\/1"}],"replies":[{"embeddable":true,"href":"https:\/\/trinkwasser-terlan.com\/it\/wp-json\/wp\/v2\/comments?post=7424"}],"version-history":[{"count":2,"href":"https:\/\/trinkwasser-terlan.com\/it\/wp-json\/wp\/v2\/posts\/7424\/revisions"}],"predecessor-version":[{"id":7426,"href":"https:\/\/trinkwasser-terlan.com\/it\/wp-json\/wp\/v2\/posts\/7424\/revisions\/7426"}],"wp:featuredmedia":[{"embeddable":true,"href":"https:\/\/trinkwasser-terlan.com\/it\/wp-json\/wp\/v2\/media\/7421"}],"wp:attachment":[{"href":"https:\/\/trinkwasser-terlan.com\/it\/wp-json\/wp\/v2\/media?parent=7424"}],"wp:term":[{"taxonomy":"category","embeddable":true,"href":"https:\/\/trinkwasser-terlan.com\/it\/wp-json\/wp\/v2\/categories?post=7424"},{"taxonomy":"post_tag","embeddable":true,"href":"https:\/\/trinkwasser-terlan.com\/it\/wp-json\/wp\/v2\/tags?post=7424"}],"curies":[{"name":"wp","href":"https:\/\/api.w.org\/{rel}","templated":true}]}}